[{"@context":"https:\/\/schema.org\/","@type":"Article","@id":"https:\/\/www.tassro.sk\/sloboda-podnikania-ci-diskriminacia-slovenskych-podnikatelov\/#Article","mainEntityOfPage":"https:\/\/www.tassro.sk\/sloboda-podnikania-ci-diskriminacia-slovenskych-podnikatelov\/","headline":"Sloboda podnikania, \u010di diskrimin\u00e1cia slovensk\u00fdch podnikate\u013eov?","name":"Sloboda podnikania, \u010di diskrimin\u00e1cia slovensk\u00fdch podnikate\u013eov?","description":"Od roku 89 prich\u00e1dza podnikate\u013esk\u00fd boom, v\u0161ade sam\u00e9 pr\u00edle\u017eitosti. T\u00fdkalo sa to takmer ka\u017edej \u0161trukt\u00fary, \u0161t\u00e1tne podniky a \u0161t\u00e1tne slu\u017eby tak za\u010dali nahr\u00e1dza\u0165 s\u00fakromn\u00e9 spolo\u010dnosti a 90 &#8211; te roky boli \u00fadajne skuto\u010dne otvoren\u00e9 pre r\u00f4zne obory podnikania. Podnikanie bolo pre n\u00e1s nie\u010dim \u00faplne nov\u00fdm, zato v\u0161ak zo za\u010diaku vl\u00e1dla podnikate\u013esk\u00e1 sloboda, pr\u00edle\u017eitosti, takmer \u017eiadne [&hellip;]","datePublished":"2018-02-26","dateModified":"2018-02-26","author":{"@type":"Person","@id":"https:\/\/www.tassro.sk\/author\/#Person","name":"tassro.sk","url":"https:\/\/www.tassro.sk\/author\/","identifier":1,"image":{"@type":"ImageObject","@id":"https:\/\/secure.gravatar.com\/avatar\/3064f57e4a87acc15ee08ce03d01afdc2a328e3d2da280f2bcfaabcbd486d62e?s=96&d=mm&r=g","url":"https:\/\/secure.gravatar.com\/avatar\/3064f57e4a87acc15ee08ce03d01afdc2a328e3d2da280f2bcfaabcbd486d62e?s=96&d=mm&r=g","height":96,"width":96}},"publisher":{"@type":"Organization","name":"tassro.sk","logo":{"@type":"ImageObject","@id":"\/logo.png","url":"\/logo.png","width":600,"height":60}},"image":{"@type":"ImageObject","@id":"https:\/\/www.tassro.sk\/wp-content\/uploads\/img_a287360_w2009_t1524753790.jpg","url":"https:\/\/www.tassro.sk\/wp-content\/uploads\/img_a287360_w2009_t1524753790.jpg","height":0,"width":0},"url":"https:\/\/www.tassro.sk\/sloboda-podnikania-ci-diskriminacia-slovenskych-podnikatelov\/","wordCount":445,"articleBody":"Od roku 89 prich\u00e1dza podnikate\u013esk\u00fd boom, v\u0161ade sam\u00e9 pr\u00edle\u017eitosti. T\u00fdkalo sa to takmer ka\u017edej \u0161trukt\u00fary, \u0161t\u00e1tne podniky a \u0161t\u00e1tne slu\u017eby tak za\u010dali nahr\u00e1dza\u0165 s\u00fakromn\u00e9 spolo\u010dnosti a 90 &#8211; te roky boli \u00fadajne skuto\u010dne otvoren\u00e9 pre r\u00f4zne obory podnikania. Podnikanie bolo pre n\u00e1s nie\u010dim \u00faplne nov\u00fdm, zato v\u0161ak zo za\u010diaku vl\u00e1dla podnikate\u013esk\u00e1 sloboda, pr\u00edle\u017eitosti, takmer \u017eiadne obmedzenia. S\u00fakromn\u00e9 poskytovanie slu\u017eieb sa objavilo dokonca aj v doprave, \u010do bolo do polovice 90- tych rokov nev\u00eddan\u00e9. No je pravda, \u017ee tento typ podnikania v odvetv\u00ed cestnej dopravy si vy\u017eadoval st\u00e1lu a n\u00e1ro\u010dn\u00fa byrokraciu na \u00fakor kvality, \u010di sk\u00f4r r\u00fdchlosti slu\u017eieb. Vstupom do E\u00fa v\u0161ak hlavne v poslednej dobe \u00fadajne c\u00edti\u0165 ve\u013ea obmedzen\u00ed vo\u010di slovensk\u00fdm podnikate\u013eom, pri\u010dom nemeck\u00e9 v\u00fdrobne maj\u00fa na Slovensku vo\u013en\u00fa ruku a s\u00fa v podstate bez vy\u0161\u0161ieho dozoru z na\u0161ej strany.  Vstupom do E\u00fa sa ale na druhej strane veci spojen\u00e9 s dopravou tovaru za na\u0161e hranice v\u00fdrazne na\u0161tartovali. S dopravou ako aj ich slu\u017ebami poskytovan\u00fdmi s\u00fakromn\u00edkmi sa za\u010dne v\u00fdznamne po\u010d\u00edta\u0165, byrokracia sa zmierni, prevoz, odvoz tovaru sa stane zau\u017e\u00edvanou a pravidelnou \u010dinnos\u0165ou, t\u00fdm p\u00e1dom sa vypr\u00e1zdni mno\u017estvo tovaru, ktor\u00fd dovtedy zostal na slovensk\u00fdch hraniciach. T\u00fdm p\u00e1dom sa h\u00fdbe i zisk a ekonomika. V tomto smere tak m\u00f4\u017eeme vravie\u0165 o pozit\u00edve, no E\u00fa naber\u00e1 celkovo zvl\u00e1\u0161tny smer. E\u00fa, konkr\u00e9tne nadmieru vplyvn\u00fd Brusel prich\u00e1za so z\u00e1sadn\u00fdmi pravidlami vo\u010di na\u0161im \u00fazemiam, pod\u013ea niektor\u00fdch tvrden\u00ed s\u00fa namieren\u00e9 k diskrimin\u00e1cii na\u0161ich podnikate\u013eov vo\u010di nemeck\u00fdm podnikom na na\u0161om \u00fazem\u00ed. Vrav\u00edme o spolupr\u00e1ci, pritom to funguje n\u00e1sledovne. \u2022 Slovensk\u00fd podnik rozv\u00e1\u017eaj\u00faci tovar do Nemecka, av\u0161ak s\u00eddliaci na Slovensku je pod pr\u00edsnou byrokratickou kontrolou Nemecka a takisto pr\u00edkazmi a nariadeniami vo\u010di finan\u010dnej povinnosti slovensk\u00e9ho podnikate\u013ea, ale \u010do sa t\u00fdka nemeck\u00fdch z\u00e1vodov s\u00eddliacich na Slovensku, v ich pr\u00edpade vid\u00edme takmer vo\u013en\u00fa ruku bez obmedzen\u00ed. Tak\u00fato ist\u00fa &#8222;spolupr\u00e1cu&#8220; n\u00e1m m\u00f4\u017ee pon\u00faknu\u0165 i in\u00e1 vplyvn\u00e1 krajina E\u00fa a v\u00fdsledok m\u00f4\u017ee by\u0165 \u017eia\u013e rovnak\u00fd. Ten slab\u0161\u00ed a men\u0161\u00ed (v tomto pr\u00edpade Slovensko) sl\u00fa\u017ei ako podriaden\u00fd, teda nevrav\u00edme o rovnopr\u00e1vnosti kraj\u00edn a ani o slobodnom rozhodovan\u00ed slovensk\u00fdch podnikate\u013eov na ich vlastnom \u00fazem\u00ed.                                                                                                                                                                                                                                                                                                                                                                                         4.2\/5 - (18 votes)        "},{"@context":"https:\/\/schema.org\/","@type":"BreadcrumbList","itemListElement":[{"@type":"ListItem","position":1,"name":"Sloboda podnikania, \u010di diskrimin\u00e1cia slovensk\u00fdch podnikate\u013eov?","item":"https:\/\/www.tassro.sk\/sloboda-podnikania-ci-diskriminacia-slovenskych-podnikatelov\/#breadcrumbitem"}]}]